{"id":8478,"date":"2026-04-20T10:24:34","date_gmt":"2026-04-20T08:24:34","guid":{"rendered":"https:\/\/www.comabella.cat\/?p=8478"},"modified":"2026-04-20T10:27:20","modified_gmt":"2026-04-20T08:27:20","slug":"la-fundacion-refuerza-su-labor-divulgativa-con-una-sesion-informativa-en-el-poblenou-de-manresa","status":"publish","type":"post","link":"https:\/\/www.comabella.cat\/es\/2026\/04\/20\/la-fundacion-refuerza-su-labor-divulgativa-con-una-sesion-informativa-en-el-poblenou-de-manresa\/","title":{"rendered":"La Fundaci\u00f3n refuerza su labor divulgativa con una sesi\u00f3n informativa en el Poblenou de Manresa"},"content":{"rendered":"\n<figure class=\"wp-block-image size-large\"><img fetchpriority=\"high\" decoding=\"async\" width=\"1024\" height=\"768\" src=\"https:\/\/www.comabella.cat\/wp-content\/uploads\/2026\/04\/WhatsApp-Image-2026-04-20-at-09.27.47-1-1024x768.jpeg\" alt=\"\" class=\"wp-image-8479\" srcset=\"https:\/\/www.comabella.cat\/wp-content\/uploads\/2026\/04\/WhatsApp-Image-2026-04-20-at-09.27.47-1-1024x768.jpeg 1024w, https:\/\/www.comabella.cat\/wp-content\/uploads\/2026\/04\/WhatsApp-Image-2026-04-20-at-09.27.47-1-300x225.jpeg 300w, https:\/\/www.comabella.cat\/wp-content\/uploads\/2026\/04\/WhatsApp-Image-2026-04-20-at-09.27.47-1-768x576.jpeg 768w, https:\/\/www.comabella.cat\/wp-content\/uploads\/2026\/04\/WhatsApp-Image-2026-04-20-at-09.27.47-1-1536x1152.jpeg 1536w, https:\/\/www.comabella.cat\/wp-content\/uploads\/2026\/04\/WhatsApp-Image-2026-04-20-at-09.27.47-1.jpeg 2048w\" sizes=\"(max-width: 1024px) 100vw, 1024px\" \/><\/figure>\n\n\n\n<p>Una labor divulgativa clave para dar a conocer recursos, apoyos y herramientas de planificaci\u00f3n de futuro.<\/p>\n\n\n\n<p>Uno de los objetivos centrales de nuestra Fundaci\u00f3n es dar visibilidad a las medidas de apoyo en el ejercicio de la capacidad jur\u00eddica y acercarlas a la ciudadan\u00eda. A menudo, las personas con discapacidad que se encuentran en situaciones de soledad o vulnerabilidad desconocen que existen entidades como la nuestra, capaces de acompa\u00f1arlas y ofrecerles un apoyo ajustado a sus necesidades. Por ello, la labor divulgativa es esencial: informar, orientar y prevenir.<\/p>\n\n\n\n<p>A trav\u00e9s del Servicio de Informaci\u00f3n y Asesoramiento, ofrecemos sesiones individuales y grupales tanto a personas como a profesionales, con el objetivo de explicar qu\u00e9 son las medidas de apoyo, c\u00f3mo funcionan y qu\u00e9 utilidad pueden tener en distintos momentos de la vida. Esta dimensi\u00f3n preventiva es clave: conocer los recursos antes de necesitarlos permite planificar el futuro con tranquilidad y tomar decisiones a tiempo y con autonom\u00eda.<\/p>\n\n\n\n<p>En esta l\u00ednea, el pasado viernes 17 de abril realizamos una sesi\u00f3n informativa dirigida a personas vinculadas a la Asociaci\u00f3n de Vecinos del Poblenou de Manresa, que nos abri\u00f3 sus puertas y nos facilit\u00f3 un espacio de encuentro cercano y participativo. Durante la sesi\u00f3n hablamos de las medidas de apoyo, del papel de las fundaciones en el acompa\u00f1amiento a la toma de decisiones y del Servicio de Apoyos Futuros, que permite establecer acuerdos previos para que, si alg\u00fan d\u00eda la persona necesita apoyo, la Fundaci\u00f3n pueda intervenir de acuerdo con su voluntad y preferencias.<\/p>\n\n\n\n<p>Queremos agradecer sinceramente a la Asociaci\u00f3n de Vecinos del Poblenou de Manresa su colaboraci\u00f3n y su voluntad de contribuir a la difusi\u00f3n de servicios que pueden ser relevantes para muchas personas del territorio. Espacios como este nos permiten seguir trabajando por una sociedad m\u00e1s informada, m\u00e1s preparada y m\u00e1s respetuosa con los derechos de las personas con discapacidad.<\/p>\n","protected":false},"excerpt":{"rendered":"<p>Una labor divulgativa clave para dar a conocer recursos, apoyos y herramientas de planificaci\u00f3n de futuro. Uno de los objetivos centrales de nuestra Fundaci\u00f3n es dar visibilidad a las medidas de apoyo en el ejercicio de la capacidad jur\u00eddica y acercarlas a la ciudadan\u00eda. A menudo, las personas con discapacidad que se encuentran en situaciones [&hellip;]<\/p>\n","protected":false},"author":6,"featured_media":8479,"comment_status":"closed","ping_status":"closed","sticky":false,"template":"","format":"standard","meta":{"footnotes":""},"categories":[31],"tags":[],"class_list":["post-8478","post","type-post","status-publish","format-standard","has-post-thumbnail","hentry","category-noticias"],"yoast_head":"<!-- This site is optimized with the Yoast SEO plugin v27.4 - https:\/\/yoast.com\/product\/yoast-seo-wordpress\/ -->\n<title>La Fundaci\u00f3n refuerza su labor divulgativa con una sesi\u00f3n informativa en el Poblenou de Manresa - Fundaci\u00f3 Comabella<\/title>\n<meta name=\"robots\" content=\"index, follow, max-snippet:-1, max-image-preview:large, max-video-preview:-1\" \/>\n<link rel=\"canonical\" href=\"https:\/\/www.comabella.cat\/es\/2026\/04\/20\/la-fundacion-refuerza-su-labor-divulgativa-con-una-sesion-informativa-en-el-poblenou-de-manresa\/\" \/>\n<meta property=\"og:locale\" content=\"es_ES\" \/>\n<meta property=\"og:type\" content=\"article\" \/>\n<meta property=\"og:title\" content=\"La Fundaci\u00f3n refuerza su labor divulgativa con una sesi\u00f3n informativa en el Poblenou de Manresa - Fundaci\u00f3 Comabella\" \/>\n<meta property=\"og:description\" content=\"Una labor divulgativa clave para dar a conocer recursos, apoyos y herramientas de planificaci\u00f3n de futuro. Uno de los objetivos centrales de nuestra Fundaci\u00f3n es dar visibilidad a las medidas de apoyo en el ejercicio de la capacidad jur\u00eddica y acercarlas a la ciudadan\u00eda. A menudo, las personas con discapacidad que se encuentran en situaciones [&hellip;]\" \/>\n<meta property=\"og:url\" content=\"https:\/\/www.comabella.cat\/es\/2026\/04\/20\/la-fundacion-refuerza-su-labor-divulgativa-con-una-sesion-informativa-en-el-poblenou-de-manresa\/\" \/>\n<meta property=\"og:site_name\" content=\"Fundaci\u00f3 Comabella\" \/>\n<meta property=\"article:published_time\" content=\"2026-04-20T08:24:34+00:00\" \/>\n<meta property=\"article:modified_time\" content=\"2026-04-20T08:27:20+00:00\" \/>\n<meta property=\"og:image\" content=\"https:\/\/www.comabella.cat\/wp-content\/uploads\/2026\/04\/WhatsApp-Image-2026-04-20-at-09.27.47-1.jpeg\" \/>\n\t<meta property=\"og:image:width\" content=\"2048\" \/>\n\t<meta property=\"og:image:height\" content=\"1536\" \/>\n\t<meta property=\"og:image:type\" content=\"image\/jpeg\" \/>\n<meta name=\"author\" content=\"Carme Vilaseca\" \/>\n<meta name=\"twitter:card\" content=\"summary_large_image\" \/>\n<meta name=\"twitter:label1\" content=\"Escrito por\" \/>\n\t<meta name=\"twitter:data1\" content=\"Carme Vilaseca\" \/>\n\t<meta name=\"twitter:label2\" content=\"Tiempo de lectura\" \/>\n\t<meta name=\"twitter:data2\" content=\"3 minutos\" \/>\n<script type=\"application\/ld+json\" class=\"yoast-schema-graph\">{\"@context\":\"https:\\\/\\\/schema.org\",\"@graph\":[{\"@type\":\"Article\",\"@id\":\"https:\\\/\\\/www.comabella.cat\\\/es\\\/2026\\\/04\\\/20\\\/la-fundacion-refuerza-su-labor-divulgativa-con-una-sesion-informativa-en-el-poblenou-de-manresa\\\/#article\",\"isPartOf\":{\"@id\":\"https:\\\/\\\/www.comabella.cat\\\/es\\\/2026\\\/04\\\/20\\\/la-fundacion-refuerza-su-labor-divulgativa-con-una-sesion-informativa-en-el-poblenou-de-manresa\\\/\"},\"author\":{\"name\":\"Carme Vilaseca\",\"@id\":\"https:\\\/\\\/www.comabella.cat\\\/es\\\/#\\\/schema\\\/person\\\/08b6d4cc5ce23f8843338a1ddc7b091f\"},\"headline\":\"La Fundaci\u00f3n refuerza su labor divulgativa con una sesi\u00f3n informativa en el Poblenou de Manresa\",\"datePublished\":\"2026-04-20T08:24:34+00:00\",\"dateModified\":\"2026-04-20T08:27:20+00:00\",\"mainEntityOfPage\":{\"@id\":\"https:\\\/\\\/www.comabella.cat\\\/es\\\/2026\\\/04\\\/20\\\/la-fundacion-refuerza-su-labor-divulgativa-con-una-sesion-informativa-en-el-poblenou-de-manresa\\\/\"},\"wordCount\":348,\"publisher\":{\"@id\":\"https:\\\/\\\/www.comabella.cat\\\/es\\\/#organization\"},\"image\":{\"@id\":\"https:\\\/\\\/www.comabella.cat\\\/es\\\/2026\\\/04\\\/20\\\/la-fundacion-refuerza-su-labor-divulgativa-con-una-sesion-informativa-en-el-poblenou-de-manresa\\\/#primaryimage\"},\"thumbnailUrl\":\"https:\\\/\\\/www.comabella.cat\\\/wp-content\\\/uploads\\\/2026\\\/04\\\/WhatsApp-Image-2026-04-20-at-09.27.47-1.jpeg\",\"articleSection\":[\"Noticias\"],\"inLanguage\":\"es\"},{\"@type\":\"WebPage\",\"@id\":\"https:\\\/\\\/www.comabella.cat\\\/es\\\/2026\\\/04\\\/20\\\/la-fundacion-refuerza-su-labor-divulgativa-con-una-sesion-informativa-en-el-poblenou-de-manresa\\\/\",\"url\":\"https:\\\/\\\/www.comabella.cat\\\/es\\\/2026\\\/04\\\/20\\\/la-fundacion-refuerza-su-labor-divulgativa-con-una-sesion-informativa-en-el-poblenou-de-manresa\\\/\",\"name\":\"La Fundaci\u00f3n refuerza su labor divulgativa con una sesi\u00f3n informativa en el Poblenou de Manresa - Fundaci\u00f3 Comabella\",\"isPartOf\":{\"@id\":\"https:\\\/\\\/www.comabella.cat\\\/es\\\/#website\"},\"primaryImageOfPage\":{\"@id\":\"https:\\\/\\\/www.comabella.cat\\\/es\\\/2026\\\/04\\\/20\\\/la-fundacion-refuerza-su-labor-divulgativa-con-una-sesion-informativa-en-el-poblenou-de-manresa\\\/#primaryimage\"},\"image\":{\"@id\":\"https:\\\/\\\/www.comabella.cat\\\/es\\\/2026\\\/04\\\/20\\\/la-fundacion-refuerza-su-labor-divulgativa-con-una-sesion-informativa-en-el-poblenou-de-manresa\\\/#primaryimage\"},\"thumbnailUrl\":\"https:\\\/\\\/www.comabella.cat\\\/wp-content\\\/uploads\\\/2026\\\/04\\\/WhatsApp-Image-2026-04-20-at-09.27.47-1.jpeg\",\"datePublished\":\"2026-04-20T08:24:34+00:00\",\"dateModified\":\"2026-04-20T08:27:20+00:00\",\"breadcrumb\":{\"@id\":\"https:\\\/\\\/www.comabella.cat\\\/es\\\/2026\\\/04\\\/20\\\/la-fundacion-refuerza-su-labor-divulgativa-con-una-sesion-informativa-en-el-poblenou-de-manresa\\\/#breadcrumb\"},\"inLanguage\":\"es\",\"potentialAction\":[{\"@type\":\"ReadAction\",\"target\":[\"https:\\\/\\\/www.comabella.cat\\\/es\\\/2026\\\/04\\\/20\\\/la-fundacion-refuerza-su-labor-divulgativa-con-una-sesion-informativa-en-el-poblenou-de-manresa\\\/\"]}]},{\"@type\":\"ImageObject\",\"inLanguage\":\"es\",\"@id\":\"https:\\\/\\\/www.comabella.cat\\\/es\\\/2026\\\/04\\\/20\\\/la-fundacion-refuerza-su-labor-divulgativa-con-una-sesion-informativa-en-el-poblenou-de-manresa\\\/#primaryimage\",\"url\":\"https:\\\/\\\/www.comabella.cat\\\/wp-content\\\/uploads\\\/2026\\\/04\\\/WhatsApp-Image-2026-04-20-at-09.27.47-1.jpeg\",\"contentUrl\":\"https:\\\/\\\/www.comabella.cat\\\/wp-content\\\/uploads\\\/2026\\\/04\\\/WhatsApp-Image-2026-04-20-at-09.27.47-1.jpeg\",\"width\":2048,\"height\":1536},{\"@type\":\"BreadcrumbList\",\"@id\":\"https:\\\/\\\/www.comabella.cat\\\/es\\\/2026\\\/04\\\/20\\\/la-fundacion-refuerza-su-labor-divulgativa-con-una-sesion-informativa-en-el-poblenou-de-manresa\\\/#breadcrumb\",\"itemListElement\":[{\"@type\":\"ListItem\",\"position\":1,\"name\":\"Inici\",\"item\":\"https:\\\/\\\/www.comabella.cat\\\/es\\\/\"},{\"@type\":\"ListItem\",\"position\":2,\"name\":\"La Fundaci\u00f3n refuerza su labor divulgativa con una sesi\u00f3n informativa en el Poblenou de Manresa\"}]},{\"@type\":\"WebSite\",\"@id\":\"https:\\\/\\\/www.comabella.cat\\\/es\\\/#website\",\"url\":\"https:\\\/\\\/www.comabella.cat\\\/es\\\/\",\"name\":\"Fundaci\u00f3 Comabella\",\"description\":\"\",\"publisher\":{\"@id\":\"https:\\\/\\\/www.comabella.cat\\\/es\\\/#organization\"},\"potentialAction\":[{\"@type\":\"SearchAction\",\"target\":{\"@type\":\"EntryPoint\",\"urlTemplate\":\"https:\\\/\\\/www.comabella.cat\\\/es\\\/?s={search_term_string}\"},\"query-input\":{\"@type\":\"PropertyValueSpecification\",\"valueRequired\":true,\"valueName\":\"search_term_string\"}}],\"inLanguage\":\"es\"},{\"@type\":\"Organization\",\"@id\":\"https:\\\/\\\/www.comabella.cat\\\/es\\\/#organization\",\"name\":\"Fundaci\u00f3 Comabella\",\"url\":\"https:\\\/\\\/www.comabella.cat\\\/es\\\/\",\"logo\":{\"@type\":\"ImageObject\",\"inLanguage\":\"es\",\"@id\":\"https:\\\/\\\/www.comabella.cat\\\/es\\\/#\\\/schema\\\/logo\\\/image\\\/\",\"url\":\"https:\\\/\\\/www.comabella.cat\\\/wp-content\\\/uploads\\\/2023\\\/12\\\/logo-comabella.jpg\",\"contentUrl\":\"https:\\\/\\\/www.comabella.cat\\\/wp-content\\\/uploads\\\/2023\\\/12\\\/logo-comabella.jpg\",\"width\":785,\"height\":567,\"caption\":\"Fundaci\u00f3 Comabella\"},\"image\":{\"@id\":\"https:\\\/\\\/www.comabella.cat\\\/es\\\/#\\\/schema\\\/logo\\\/image\\\/\"}},{\"@type\":\"Person\",\"@id\":\"https:\\\/\\\/www.comabella.cat\\\/es\\\/#\\\/schema\\\/person\\\/08b6d4cc5ce23f8843338a1ddc7b091f\",\"name\":\"Carme Vilaseca\",\"image\":{\"@type\":\"ImageObject\",\"inLanguage\":\"es\",\"@id\":\"https:\\\/\\\/secure.gravatar.com\\\/avatar\\\/dffc6d1bde17013fea766d4d5ad2169dcc056d9f432b46df50231e1f67201c25?s=96&d=mm&r=g\",\"url\":\"https:\\\/\\\/secure.gravatar.com\\\/avatar\\\/dffc6d1bde17013fea766d4d5ad2169dcc056d9f432b46df50231e1f67201c25?s=96&d=mm&r=g\",\"contentUrl\":\"https:\\\/\\\/secure.gravatar.com\\\/avatar\\\/dffc6d1bde17013fea766d4d5ad2169dcc056d9f432b46df50231e1f67201c25?s=96&d=mm&r=g\",\"caption\":\"Carme Vilaseca\"},\"url\":\"https:\\\/\\\/www.comabella.cat\\\/es\\\/author\\\/cvilaseca\\\/\"}]}<\/script>\n<!-- \/ Yoast SEO plugin. -->","yoast_head_json":{"title":"La Fundaci\u00f3n refuerza su labor divulgativa con una sesi\u00f3n informativa en el Poblenou de Manresa - Fundaci\u00f3 Comabella","robots":{"index":"index","follow":"follow","max-snippet":"max-snippet:-1","max-image-preview":"max-image-preview:large","max-video-preview":"max-video-preview:-1"},"canonical":"https:\/\/www.comabella.cat\/es\/2026\/04\/20\/la-fundacion-refuerza-su-labor-divulgativa-con-una-sesion-informativa-en-el-poblenou-de-manresa\/","og_locale":"es_ES","og_type":"article","og_title":"La Fundaci\u00f3n refuerza su labor divulgativa con una sesi\u00f3n informativa en el Poblenou de Manresa - Fundaci\u00f3 Comabella","og_description":"Una labor divulgativa clave para dar a conocer recursos, apoyos y herramientas de planificaci\u00f3n de futuro. Uno de los objetivos centrales de nuestra Fundaci\u00f3n es dar visibilidad a las medidas de apoyo en el ejercicio de la capacidad jur\u00eddica y acercarlas a la ciudadan\u00eda. A menudo, las personas con discapacidad que se encuentran en situaciones [&hellip;]","og_url":"https:\/\/www.comabella.cat\/es\/2026\/04\/20\/la-fundacion-refuerza-su-labor-divulgativa-con-una-sesion-informativa-en-el-poblenou-de-manresa\/","og_site_name":"Fundaci\u00f3 Comabella","article_published_time":"2026-04-20T08:24:34+00:00","article_modified_time":"2026-04-20T08:27:20+00:00","og_image":[{"width":2048,"height":1536,"url":"https:\/\/www.comabella.cat\/wp-content\/uploads\/2026\/04\/WhatsApp-Image-2026-04-20-at-09.27.47-1.jpeg","type":"image\/jpeg"}],"author":"Carme Vilaseca","twitter_card":"summary_large_image","twitter_misc":{"Escrito por":"Carme Vilaseca","Tiempo de lectura":"3 minutos"},"schema":{"@context":"https:\/\/schema.org","@graph":[{"@type":"Article","@id":"https:\/\/www.comabella.cat\/es\/2026\/04\/20\/la-fundacion-refuerza-su-labor-divulgativa-con-una-sesion-informativa-en-el-poblenou-de-manresa\/#article","isPartOf":{"@id":"https:\/\/www.comabella.cat\/es\/2026\/04\/20\/la-fundacion-refuerza-su-labor-divulgativa-con-una-sesion-informativa-en-el-poblenou-de-manresa\/"},"author":{"name":"Carme Vilaseca","@id":"https:\/\/www.comabella.cat\/es\/#\/schema\/person\/08b6d4cc5ce23f8843338a1ddc7b091f"},"headline":"La Fundaci\u00f3n refuerza su labor divulgativa con una sesi\u00f3n informativa en el Poblenou de Manresa","datePublished":"2026-04-20T08:24:34+00:00","dateModified":"2026-04-20T08:27:20+00:00","mainEntityOfPage":{"@id":"https:\/\/www.comabella.cat\/es\/2026\/04\/20\/la-fundacion-refuerza-su-labor-divulgativa-con-una-sesion-informativa-en-el-poblenou-de-manresa\/"},"wordCount":348,"publisher":{"@id":"https:\/\/www.comabella.cat\/es\/#organization"},"image":{"@id":"https:\/\/www.comabella.cat\/es\/2026\/04\/20\/la-fundacion-refuerza-su-labor-divulgativa-con-una-sesion-informativa-en-el-poblenou-de-manresa\/#primaryimage"},"thumbnailUrl":"https:\/\/www.comabella.cat\/wp-content\/uploads\/2026\/04\/WhatsApp-Image-2026-04-20-at-09.27.47-1.jpeg","articleSection":["Noticias"],"inLanguage":"es"},{"@type":"WebPage","@id":"https:\/\/www.comabella.cat\/es\/2026\/04\/20\/la-fundacion-refuerza-su-labor-divulgativa-con-una-sesion-informativa-en-el-poblenou-de-manresa\/","url":"https:\/\/www.comabella.cat\/es\/2026\/04\/20\/la-fundacion-refuerza-su-labor-divulgativa-con-una-sesion-informativa-en-el-poblenou-de-manresa\/","name":"La Fundaci\u00f3n refuerza su labor divulgativa con una sesi\u00f3n informativa en el Poblenou de Manresa - Fundaci\u00f3 Comabella","isPartOf":{"@id":"https:\/\/www.comabella.cat\/es\/#website"},"primaryImageOfPage":{"@id":"https:\/\/www.comabella.cat\/es\/2026\/04\/20\/la-fundacion-refuerza-su-labor-divulgativa-con-una-sesion-informativa-en-el-poblenou-de-manresa\/#primaryimage"},"image":{"@id":"https:\/\/www.comabella.cat\/es\/2026\/04\/20\/la-fundacion-refuerza-su-labor-divulgativa-con-una-sesion-informativa-en-el-poblenou-de-manresa\/#primaryimage"},"thumbnailUrl":"https:\/\/www.comabella.cat\/wp-content\/uploads\/2026\/04\/WhatsApp-Image-2026-04-20-at-09.27.47-1.jpeg","datePublished":"2026-04-20T08:24:34+00:00","dateModified":"2026-04-20T08:27:20+00:00","breadcrumb":{"@id":"https:\/\/www.comabella.cat\/es\/2026\/04\/20\/la-fundacion-refuerza-su-labor-divulgativa-con-una-sesion-informativa-en-el-poblenou-de-manresa\/#breadcrumb"},"inLanguage":"es","potentialAction":[{"@type":"ReadAction","target":["https:\/\/www.comabella.cat\/es\/2026\/04\/20\/la-fundacion-refuerza-su-labor-divulgativa-con-una-sesion-informativa-en-el-poblenou-de-manresa\/"]}]},{"@type":"ImageObject","inLanguage":"es","@id":"https:\/\/www.comabella.cat\/es\/2026\/04\/20\/la-fundacion-refuerza-su-labor-divulgativa-con-una-sesion-informativa-en-el-poblenou-de-manresa\/#primaryimage","url":"https:\/\/www.comabella.cat\/wp-content\/uploads\/2026\/04\/WhatsApp-Image-2026-04-20-at-09.27.47-1.jpeg","contentUrl":"https:\/\/www.comabella.cat\/wp-content\/uploads\/2026\/04\/WhatsApp-Image-2026-04-20-at-09.27.47-1.jpeg","width":2048,"height":1536},{"@type":"BreadcrumbList","@id":"https:\/\/www.comabella.cat\/es\/2026\/04\/20\/la-fundacion-refuerza-su-labor-divulgativa-con-una-sesion-informativa-en-el-poblenou-de-manresa\/#breadcrumb","itemListElement":[{"@type":"ListItem","position":1,"name":"Inici","item":"https:\/\/www.comabella.cat\/es\/"},{"@type":"ListItem","position":2,"name":"La Fundaci\u00f3n refuerza su labor divulgativa con una sesi\u00f3n informativa en el Poblenou de Manresa"}]},{"@type":"WebSite","@id":"https:\/\/www.comabella.cat\/es\/#website","url":"https:\/\/www.comabella.cat\/es\/","name":"Fundaci\u00f3 Comabella","description":"","publisher":{"@id":"https:\/\/www.comabella.cat\/es\/#organization"},"potentialAction":[{"@type":"SearchAction","target":{"@type":"EntryPoint","urlTemplate":"https:\/\/www.comabella.cat\/es\/?s={search_term_string}"},"query-input":{"@type":"PropertyValueSpecification","valueRequired":true,"valueName":"search_term_string"}}],"inLanguage":"es"},{"@type":"Organization","@id":"https:\/\/www.comabella.cat\/es\/#organization","name":"Fundaci\u00f3 Comabella","url":"https:\/\/www.comabella.cat\/es\/","logo":{"@type":"ImageObject","inLanguage":"es","@id":"https:\/\/www.comabella.cat\/es\/#\/schema\/logo\/image\/","url":"https:\/\/www.comabella.cat\/wp-content\/uploads\/2023\/12\/logo-comabella.jpg","contentUrl":"https:\/\/www.comabella.cat\/wp-content\/uploads\/2023\/12\/logo-comabella.jpg","width":785,"height":567,"caption":"Fundaci\u00f3 Comabella"},"image":{"@id":"https:\/\/www.comabella.cat\/es\/#\/schema\/logo\/image\/"}},{"@type":"Person","@id":"https:\/\/www.comabella.cat\/es\/#\/schema\/person\/08b6d4cc5ce23f8843338a1ddc7b091f","name":"Carme Vilaseca","image":{"@type":"ImageObject","inLanguage":"es","@id":"https:\/\/secure.gravatar.com\/avatar\/dffc6d1bde17013fea766d4d5ad2169dcc056d9f432b46df50231e1f67201c25?s=96&d=mm&r=g","url":"https:\/\/secure.gravatar.com\/avatar\/dffc6d1bde17013fea766d4d5ad2169dcc056d9f432b46df50231e1f67201c25?s=96&d=mm&r=g","contentUrl":"https:\/\/secure.gravatar.com\/avatar\/dffc6d1bde17013fea766d4d5ad2169dcc056d9f432b46df50231e1f67201c25?s=96&d=mm&r=g","caption":"Carme Vilaseca"},"url":"https:\/\/www.comabella.cat\/es\/author\/cvilaseca\/"}]}},"rttpg_featured_image_url":{"full":["https:\/\/www.comabella.cat\/wp-content\/uploads\/2026\/04\/WhatsApp-Image-2026-04-20-at-09.27.47-1.jpeg",2048,1536,false],"landscape":["https:\/\/www.comabella.cat\/wp-content\/uploads\/2026\/04\/WhatsApp-Image-2026-04-20-at-09.27.47-1.jpeg",2048,1536,false],"portraits":["https:\/\/www.comabella.cat\/wp-content\/uploads\/2026\/04\/WhatsApp-Image-2026-04-20-at-09.27.47-1.jpeg",2048,1536,false],"thumbnail":["https:\/\/www.comabella.cat\/wp-content\/uploads\/2026\/04\/WhatsApp-Image-2026-04-20-at-09.27.47-1-150x150.jpeg",150,150,true],"medium":["https:\/\/www.comabella.cat\/wp-content\/uploads\/2026\/04\/WhatsApp-Image-2026-04-20-at-09.27.47-1-300x225.jpeg",300,225,true],"large":["https:\/\/www.comabella.cat\/wp-content\/uploads\/2026\/04\/WhatsApp-Image-2026-04-20-at-09.27.47-1-1024x768.jpeg",800,600,true],"1536x1536":["https:\/\/www.comabella.cat\/wp-content\/uploads\/2026\/04\/WhatsApp-Image-2026-04-20-at-09.27.47-1-1536x1152.jpeg",1536,1152,true],"2048x2048":["https:\/\/www.comabella.cat\/wp-content\/uploads\/2026\/04\/WhatsApp-Image-2026-04-20-at-09.27.47-1.jpeg",2048,1536,false]},"rttpg_author":{"display_name":"Carme Vilaseca","author_link":"https:\/\/www.comabella.cat\/es\/author\/cvilaseca\/"},"rttpg_comment":0,"rttpg_category":"<a href=\"https:\/\/www.comabella.cat\/es\/category\/noticias\/\" rel=\"category tag\">Noticias<\/a>","rttpg_excerpt":"Una labor divulgativa clave para dar a conocer recursos, apoyos y herramientas de planificaci\u00f3n de futuro. Uno de los objetivos centrales de nuestra Fundaci\u00f3n es dar visibilidad a las medidas de apoyo en el ejercicio de la capacidad jur\u00eddica y acercarlas a la ciudadan\u00eda. A menudo, las personas con discapacidad que se encuentran en situaciones&hellip;","_links":{"self":[{"href":"https:\/\/www.comabella.cat\/es\/wp-json\/wp\/v2\/posts\/8478","targetHints":{"allow":["GET"]}}],"collection":[{"href":"https:\/\/www.comabella.cat\/es\/wp-json\/wp\/v2\/posts"}],"about":[{"href":"https:\/\/www.comabella.cat\/es\/wp-json\/wp\/v2\/types\/post"}],"author":[{"embeddable":true,"href":"https:\/\/www.comabella.cat\/es\/wp-json\/wp\/v2\/users\/6"}],"replies":[{"embeddable":true,"href":"https:\/\/www.comabella.cat\/es\/wp-json\/wp\/v2\/comments?post=8478"}],"version-history":[{"count":1,"href":"https:\/\/www.comabella.cat\/es\/wp-json\/wp\/v2\/posts\/8478\/revisions"}],"predecessor-version":[{"id":8480,"href":"https:\/\/www.comabella.cat\/es\/wp-json\/wp\/v2\/posts\/8478\/revisions\/8480"}],"wp:featuredmedia":[{"embeddable":true,"href":"https:\/\/www.comabella.cat\/es\/wp-json\/wp\/v2\/media\/8479"}],"wp:attachment":[{"href":"https:\/\/www.comabella.cat\/es\/wp-json\/wp\/v2\/media?parent=8478"}],"wp:term":[{"taxonomy":"category","embeddable":true,"href":"https:\/\/www.comabella.cat\/es\/wp-json\/wp\/v2\/categories?post=8478"},{"taxonomy":"post_tag","embeddable":true,"href":"https:\/\/www.comabella.cat\/es\/wp-json\/wp\/v2\/tags?post=8478"}],"curies":[{"name":"wp","href":"https:\/\/api.w.org\/{rel}","templated":true}]}}